{"id":5377,"date":"2023-06-06T16:13:47","date_gmt":"2023-06-06T16:13:47","guid":{"rendered":"https:\/\/xn--llorenseguiarquitecte-63b.com\/casa-pepe-2\/"},"modified":"2023-06-08T10:45:20","modified_gmt":"2023-06-08T10:45:20","slug":"reforma-casa-calle-alayor-lorenzo-segui-triay-menorca","status":"publish","type":"post","link":"https:\/\/xn--llorenseguiarquitecte-63b.com\/fr\/reforma-casa-calle-alayor-lorenzo-segui-triay-menorca\/","title":{"rendered":"Reforma casa Calle Alayor. Lorenzo Segui Triay. Menorca"},"content":{"rendered":"<div class=\"bm-builder clearfix\"><div id=\"\" class=\"module col-12 module-id-1686069324997\" data-module-col=\"12\"><div class=\"module-inside text-inside\" style=\"--top-mod: 0px;--bottom-mod: 0px;--top-mod-m:0px;--bottom-mod-m:0px;\"><div class=\"text_block_out\"  data-effect=\"standard\"><div class=\"text_block ux-mod-nobg\"><div class=\"text_block_inn\"><div class=\"text_block_centered text_block_centered_enable_width\"  style=\"\"><p>    <\/p><\/div><\/div><\/div><\/div><\/div><\/div><\/div>\r\n\r\n\r\nEstas son las \u00faltimas reformas que hemos realizado desde el estudio de Lorenzo Segu\u00ed Triay. Ma\u00f3. Menorca. \r\nReforma casa Calle Alayor.","protected":false},"excerpt":{"rendered":"<p>Estas son las \u00faltimas reformas que hemos realizado desde el &hellip;<\/p>","protected":false},"author":1,"featured_media":5753,"comment_status":"open","ping_status":"open","sticky":false,"template":"","format":"standard","meta":[],"categories":[5],"tags":[],"_links":{"self":[{"href":"https:\/\/xn--llorenseguiarquitecte-63b.com\/fr\/wp-json\/wp\/v2\/posts\/5377"}],"collection":[{"href":"https:\/\/xn--llorenseguiarquitecte-63b.com\/fr\/wp-json\/wp\/v2\/posts"}],"about":[{"href":"https:\/\/xn--llorenseguiarquitecte-63b.com\/fr\/wp-json\/wp\/v2\/types\/post"}],"author":[{"embeddable":true,"href":"https:\/\/xn--llorenseguiarquitecte-63b.com\/fr\/wp-json\/wp\/v2\/users\/1"}],"replies":[{"embeddable":true,"href":"https:\/\/xn--llorenseguiarquitecte-63b.com\/fr\/wp-json\/wp\/v2\/comments?post=5377"}],"version-history":[{"count":4,"href":"https:\/\/xn--llorenseguiarquitecte-63b.com\/fr\/wp-json\/wp\/v2\/posts\/5377\/revisions"}],"predecessor-version":[{"id":5771,"href":"https:\/\/xn--llorenseguiarquitecte-63b.com\/fr\/wp-json\/wp\/v2\/posts\/5377\/revisions\/5771"}],"wp:featuredmedia":[{"embeddable":true,"href":"https:\/\/xn--llorenseguiarquitecte-63b.com\/fr\/wp-json\/wp\/v2\/media\/5753"}],"wp:attachment":[{"href":"https:\/\/xn--llorenseguiarquitecte-63b.com\/fr\/wp-json\/wp\/v2\/media?parent=5377"}],"wp:term":[{"taxonomy":"category","embeddable":true,"href":"https:\/\/xn--llorenseguiarquitecte-63b.com\/fr\/wp-json\/wp\/v2\/categories?post=5377"},{"taxonomy":"post_tag","embeddable":true,"href":"https:\/\/xn--llorenseguiarquitecte-63b.com\/fr\/wp-json\/wp\/v2\/tags?post=5377"}],"curies":[{"name":"wp","href":"https:\/\/api.w.org\/{rel}","templated":true}]}}